{"id":3583,"date":"2019-10-02T17:12:00","date_gmt":"2019-10-02T17:12:00","guid":{"rendered":"http:\/\/www.liceoexperimentalgabrielamistral.cl\/?p=3583"},"modified":"2019-10-02T17:12:20","modified_gmt":"2019-10-02T17:12:20","slug":"coreografia-de-los-asistentes-de-le-educacion-en-su-dia","status":"publish","type":"post","link":"https:\/\/www.liceoexperimentalgabrielamistral.cl\/?p=3583","title":{"rendered":"Coreograf\u00eda de los asistentes de le educaci\u00f3n en su d\u00eda."},"content":{"rendered":"\n<p> Guiados por el rey y la reina, los asistentes de la educaci\u00f3n formaron esta coreografiara con un mensaje a favor del medio ambiente.<br><\/p>\n\n\n\n<figure class=\"wp-block-embed-youtube wp-block-embed is-type-video is-provider-youtube wp-embed-aspect-4-3 wp-has-aspect-ratio\"><div class=\"wp-block-embed__wrapper\">\n<iframe loading=\"lazy\" title=\"Coreograf\u00eda de los asistentes de le educaci\u00f3n en su d\u00eda.\" width=\"610\" height=\"458\" src=\"https:\/\/www.youtube.com\/embed\/LqU2AAJkh3s?feature=oembed\" frameborder=\"0\" allow=\"accelerometer; autoplay; clipboard-write; encrypted-media; gyroscope; picture-in-picture; web-share\" referrerpolicy=\"strict-origin-when-cross-origin\" allowfullscreen><\/iframe>\n<\/div><\/figure>\n","protected":false},"excerpt":{"rendered":"<p>Guiados por el rey y la reina, los asistentes de la educaci\u00f3n formaron esta coreografiara con un mensaje a favor del medio ambiente.<\/p>\n","protected":false},"author":7,"featured_media":0,"comment_status":"open","ping_status":"closed","sticky":false,"template":"","format":"standard","meta":{"pagelayer_contact_templates":[],"_pagelayer_content":"","footnotes":""},"categories":[3,4,53,8,12,36,52,13,18,54,19,47,22,50,27],"tags":[],"class_list":["post-3583","post","type-post","status-publish","format-standard","hentry","category-alumnos","category-arte","category-asistentes-de-la-educacion","category-cra","category-educacion-basica","category-educacion-media","category-educacion-vespertina","category-eventos","category-kinder","category-medio-ambiente","category-noticias","category-pie","category-pre-kinder","category-taller-educativo","category-video"],"_links":{"self":[{"href":"https:\/\/www.liceoexperimentalgabrielamistral.cl\/index.php?rest_route=\/wp\/v2\/posts\/3583","targetHints":{"allow":["GET"]}}],"collection":[{"href":"https:\/\/www.liceoexperimentalgabrielamistral.cl\/index.php?rest_route=\/wp\/v2\/posts"}],"about":[{"href":"https:\/\/www.liceoexperimentalgabrielamistral.cl\/index.php?rest_route=\/wp\/v2\/types\/post"}],"author":[{"embeddable":true,"href":"https:\/\/www.liceoexperimentalgabrielamistral.cl\/index.php?rest_route=\/wp\/v2\/users\/7"}],"replies":[{"embeddable":true,"href":"https:\/\/www.liceoexperimentalgabrielamistral.cl\/index.php?rest_route=%2Fwp%2Fv2%2Fcomments&post=3583"}],"version-history":[{"count":1,"href":"https:\/\/www.liceoexperimentalgabrielamistral.cl\/index.php?rest_route=\/wp\/v2\/posts\/3583\/revisions"}],"predecessor-version":[{"id":3584,"href":"https:\/\/www.liceoexperimentalgabrielamistral.cl\/index.php?rest_route=\/wp\/v2\/posts\/3583\/revisions\/3584"}],"wp:attachment":[{"href":"https:\/\/www.liceoexperimentalgabrielamistral.cl\/index.php?rest_route=%2Fwp%2Fv2%2Fmedia&parent=3583"}],"wp:term":[{"taxonomy":"category","embeddable":true,"href":"https:\/\/www.liceoexperimentalgabrielamistral.cl\/index.php?rest_route=%2Fwp%2Fv2%2Fcategories&post=3583"},{"taxonomy":"post_tag","embeddable":true,"href":"https:\/\/www.liceoexperimentalgabrielamistral.cl\/index.php?rest_route=%2Fwp%2Fv2%2Ftags&post=3583"}],"curies":[{"name":"wp","href":"https:\/\/api.w.org\/{rel}","templated":true}]}}